{"id":43909,"date":"2023-01-16T10:48:34","date_gmt":"2023-01-16T09:48:34","guid":{"rendered":"https:\/\/www.skaylink.com\/?p=43909"},"modified":"2024-04-11T10:39:14","modified_gmt":"2024-04-11T08:39:14","slug":"frank-strecker-ceo","status":"publish","type":"post","link":"https:\/\/www.skaylink.com\/de\/insights\/presse\/frank-strecker-ceo\/","title":{"rendered":"Skaylink gewinnt Frank Strecker als CEO und Gesch\u00e4ftsf\u00fchrer"},"content":{"rendered":"\t\t<div data-elementor-type=\"wp-post\" data-elementor-id=\"43909\" class=\"elementor elementor-43909\" data-elementor-post-type=\"post\">\n\t\t\t\t<div class=\"elementor-element elementor-element-2712ce15 header-keyvisual-container e-flex e-con-boxed e-con e-parent\" data-id=\"2712ce15\" data-element_type=\"container\" data-e-type=\"container\" data-settings=\"{&quot;background_background&quot;:&quot;classic&quot;}\">\n\t\t\t\t\t<div class=\"e-con-inner\">\n\t\t\t\t<div class=\"elementor-element elementor-element-49d9abba elementor-align-left elementor-widget elementor-widget-breadcrumbs\" data-id=\"49d9abba\" data-element_type=\"widget\" data-e-type=\"widget\" data-widget_type=\"breadcrumbs.default\">\n\t\t\t\t<div class=\"elementor-widget-container\">\n\t\t\t\t\t<p id=\"breadcrumbs\"><span><span><a href=\"https:\/\/www.skaylink.com\/de\/\">Home<\/a><\/span><\/span><\/p>\t\t\t\t<\/div>\n\t\t\t\t<\/div>\n\t\t<div class=\"elementor-element elementor-element-5c023619 e-con-full e-flex e-con e-child\" data-id=\"5c023619\" data-element_type=\"container\" data-e-type=\"container\">\n\t\t<div class=\"elementor-element elementor-element-4d58ca5b header-keyvisual-content e-con-full e-flex e-con e-child\" data-id=\"4d58ca5b\" data-element_type=\"container\" data-e-type=\"container\" data-settings=\"{&quot;background_background&quot;:&quot;classic&quot;}\">\n\t\t\t\t<\/div>\n\t\t<div class=\"elementor-element elementor-element-3dea5820 e-con-full e-flex e-con e-child\" data-id=\"3dea5820\" data-element_type=\"container\" data-e-type=\"container\">\n\t\t\t\t<div class=\"elementor-element elementor-element-1e62918d elementor-widget elementor-widget-text-editor\" data-id=\"1e62918d\" data-element_type=\"widget\" data-e-type=\"widget\" data-widget_type=\"text-editor.default\">\n\t\t\t\t<div class=\"elementor-widget-container\">\n\t\t\t\t\t\t\t\t\t<p>Pressemeldung<\/p>\t\t\t\t\t\t\t\t<\/div>\n\t\t\t\t<\/div>\n\t\t\t\t<div class=\"elementor-element elementor-element-16f220c7 elementor-widget elementor-widget-heading\" data-id=\"16f220c7\" data-element_type=\"widget\" data-e-type=\"widget\" data-widget_type=\"heading.default\">\n\t\t\t\t<div class=\"elementor-widget-container\">\n\t\t\t\t\t<h1 class=\"elementor-heading-title elementor-size-default\">Skaylink gewinnt Frank Strecker als CEO und Gesch\u00e4ftsf\u00fchrer<\/h1>\t\t\t\t<\/div>\n\t\t\t\t<\/div>\n\t\t\t\t<div class=\"elementor-element elementor-element-79a3b946 elementor-widget elementor-widget-text-editor\" data-id=\"79a3b946\" data-element_type=\"widget\" data-e-type=\"widget\" data-widget_type=\"text-editor.default\">\n\t\t\t\t<div class=\"elementor-widget-container\">\n\t\t\t\t\t\t\t\t\tFrank Strecker wird Skaylink zu einem der f\u00fchrenden Cloud Managed Service Provider in DACH und Europa entwickeln.\t\t\t\t\t\t\t\t<\/div>\n\t\t\t\t<\/div>\n\t\t\t\t<\/div>\n\t\t\t\t<\/div>\n\t\t\t\t\t<\/div>\n\t\t\t\t<\/div>\n\t\t<div class=\"elementor-element elementor-element-2a720b77 elementor-hidden-desktop elementor-hidden-tablet_extra elementor-hidden-tablet elementor-hidden-mobile e-flex e-con-boxed e-con e-parent\" data-id=\"2a720b77\" data-element_type=\"container\" data-e-type=\"container\">\n\t\t\t\t\t<div class=\"e-con-inner\">\n\t\t<div class=\"elementor-element elementor-element-46026d2e e-flex e-con-boxed e-con e-child\" data-id=\"46026d2e\" data-element_type=\"container\" data-e-type=\"container\">\n\t\t\t\t\t<div class=\"e-con-inner\">\n\t\t<div class=\"elementor-element elementor-element-55dbecf0 e-flex e-con-boxed e-con e-child\" data-id=\"55dbecf0\" data-element_type=\"container\" data-e-type=\"container\">\n\t\t\t\t\t<div class=\"e-con-inner\">\n\t\t\t\t<div class=\"elementor-element elementor-element-c386878 elementor-widget elementor-widget-text-editor\" data-id=\"c386878\" data-element_type=\"widget\" data-e-type=\"widget\" data-widget_type=\"text-editor.default\">\n\t\t\t\t<div class=\"elementor-widget-container\">\n\t\t\t\t\t\t\t\t\t<p>16.01.2023<\/p>\t\t\t\t\t\t\t\t<\/div>\n\t\t\t\t<\/div>\n\t\t\t\t\t<\/div>\n\t\t\t\t<\/div>\n\t\t\t\t\t<\/div>\n\t\t\t\t<\/div>\n\t\t\t\t\t<\/div>\n\t\t\t\t<\/div>\n\t\t<div class=\"elementor-element elementor-element-776e2bbb e-flex e-con-boxed e-con e-parent\" data-id=\"776e2bbb\" data-element_type=\"container\" data-e-type=\"container\">\n\t\t\t\t\t<div class=\"e-con-inner\">\n\t\t<div class=\"elementor-element elementor-element-451d498b e-con-full e-flex e-con e-child\" data-id=\"451d498b\" data-element_type=\"container\" data-e-type=\"container\">\n\t\t\t\t<div class=\"elementor-element elementor-element-7feb314 elementor-widget elementor-widget-spacer\" data-id=\"7feb314\" data-element_type=\"widget\" data-e-type=\"widget\" data-widget_type=\"spacer.default\">\n\t\t\t\t<div class=\"elementor-widget-container\">\n\t\t\t\t\t\t\t<div class=\"elementor-spacer\">\n\t\t\t<div class=\"elementor-spacer-inner\"><\/div>\n\t\t<\/div>\n\t\t\t\t\t\t<\/div>\n\t\t\t\t<\/div>\n\t\t\t\t<div class=\"elementor-element elementor-element-238b0a32 elementor-widget elementor-widget-text-editor\" data-id=\"238b0a32\" data-element_type=\"widget\" data-e-type=\"widget\" data-widget_type=\"text-editor.default\">\n\t\t\t\t<div class=\"elementor-widget-container\">\n\t\t\t\t\t\t\t\t\t<p><strong>M\u00fcnchen, 16.01.2023 \u2013<\/strong> Frank Strecker wechselt von T-Systems zu Skaylink als Gesch\u00e4ftsf\u00fchrer und CEO. Seine Aufgabe ist es, das weitere Wachstum vorantreiben und Skaylink zu einem der f\u00fchrenden Cloud Managed Service Provider in DACH und Europa zu entwickeln.<\/p><p>Der erfahrene Cloud-Leader bringt mehr als 20 Jahre Erfahrung in F\u00fchrungspositionen mit, insbesondere in den Gebieten IT-Services und IT-Consulting sowie im Aufbau von Wachstumsbereichen. In seiner vorherigen Rolle bei T-Systems als Senior Vice President Cloud Services war er neben dem Aufbau der Cloudpartnerschaften u. a. mit AWS, Microsoft und Google f\u00fcr die Digitale Transformation der Bestandskunden in die Cloud verantwortlich.<\/p><p>\u201eIch blicke den kommenden Aufgaben bei Skaylink mit Neugier und gro\u00dfem Elan entgegen. Ziel des Unternehmens ist es, Europas f\u00fchrender Cloud Service Provider zu werden. Dazu m\u00f6chte ich beitragen, indem wir gemeinsam auf die bisherigen Erfolge aufbauen und Skaylink so in die n\u00e4chste Phase seiner Wachstumsgeschichte f\u00fchren. Das werden wir organisch tun, aber auch weiterhin anorganisch durch gezielte weitere Zuk\u00e4ufe in Deutschland und Europa\u201c, erkl\u00e4rt Frank Strecker.<\/p><p>Ulrich Bannm\u00fcller, Gesch\u00e4ftsf\u00fchrer &amp; CFO von Skaylink, sieht in der j\u00fcngsten Erg\u00e4nzung in der F\u00fchrung von Skaylink eine gro\u00dfe Chance: \u201eFrank bringt immense Erfahrungen aus dem Cloud-Leadership in gro\u00dfen, internationalen Unternehmen mit und kann Skaylink durch seine umfangreiche Expertise in diesem Bereich bestm\u00f6glich begleiten. Kurzum, wir freuen uns sehr, ihn als neuen Gesch\u00e4ftsf\u00fchrer und CEO f\u00fcr Skaylink begr\u00fc\u00dfen zu d\u00fcrfen. Er wird sein geballtes Know-how in seiner neuen Rolle nutzen, um gemeinsam mit dem Team aktiv zur Weiterentwicklung von Skaylink beizutragen.\u201c<\/p><p>Frank Strecker startete seine neue Aufgabe bereits diesen Januar.<\/p>\t\t\t\t\t\t\t\t<\/div>\n\t\t\t\t<\/div>\n\t\t\t\t<\/div>\n\t\t\t\t\t<\/div>\n\t\t\t\t<\/div>\n\t\t<div class=\"elementor-element elementor-element-2c05516c e-flex e-con-boxed e-con e-parent\" data-id=\"2c05516c\" data-element_type=\"container\" data-e-type=\"container\">\n\t\t\t\t\t<div class=\"e-con-inner\">\n\t\t<div class=\"elementor-element elementor-element-1c1bf137 e-con-full e-flex e-con e-child\" data-id=\"1c1bf137\" data-element_type=\"container\" data-e-type=\"container\">\n\t\t\t\t<div class=\"elementor-element elementor-element-e38ab92 elementor-widget elementor-widget-image\" data-id=\"e38ab92\" data-element_type=\"widget\" data-e-type=\"widget\" data-widget_type=\"image.default\">\n\t\t\t\t<div class=\"elementor-widget-container\">\n\t\t\t\t\t\t\t\t\t\t\t\t<figure class=\"wp-caption\">\n\t\t\t\t\t\t\t\t\t\t<img decoding=\"async\" width=\"768\" height=\"512\" src=\"https:\/\/www.skaylink.com\/wp-content\/uploads\/2023\/01\/Frank_Strecker_Skaylink_klein-768x512.jpg\" class=\"attachment-medium_large size-medium_large wp-image-43917\" alt=\"Frank Strecker ist Gesch\u00e4ftsf\u00fchrer von Skaylink\" srcset=\"https:\/\/www.skaylink.com\/wp-content\/uploads\/2023\/01\/Frank_Strecker_Skaylink_klein-768x512.jpg 768w, https:\/\/www.skaylink.com\/wp-content\/uploads\/2023\/01\/Frank_Strecker_Skaylink_klein-300x200.jpg 300w, https:\/\/www.skaylink.com\/wp-content\/uploads\/2023\/01\/Frank_Strecker_Skaylink_klein-1024x683.jpg 1024w, https:\/\/www.skaylink.com\/wp-content\/uploads\/2023\/01\/Frank_Strecker_Skaylink_klein.jpg 1500w\" sizes=\"(max-width: 768px) 100vw, 768px\" \/>\t\t\t\t\t\t\t\t\t\t\t<figcaption class=\"widget-image-caption wp-caption-text\">Frank Strecker ist Gesch\u00e4ftsf\u00fchrer von Skaylink<\/figcaption>\n\t\t\t\t\t\t\t\t\t\t<\/figure>\n\t\t\t\t\t\t\t\t\t<\/div>\n\t\t\t\t<\/div>\n\t\t\t\t<\/div>\n\t\t\t\t\t<\/div>\n\t\t\t\t<\/div>\n\t\t<div class=\"elementor-element elementor-element-81bfa45 e-flex e-con-boxed e-con e-parent\" data-id=\"81bfa45\" data-element_type=\"container\" data-e-type=\"container\">\n\t\t\t\t\t<div class=\"e-con-inner\">\n\t\t<div class=\"elementor-element elementor-element-4699048a e-con-full e-flex e-con e-child\" data-id=\"4699048a\" data-element_type=\"container\" data-e-type=\"container\">\n\t\t\t\t<div class=\"elementor-element elementor-element-7e53a902 elementor-widget elementor-widget-heading\" data-id=\"7e53a902\" data-element_type=\"widget\" data-e-type=\"widget\" data-widget_type=\"heading.default\">\n\t\t\t\t<div class=\"elementor-widget-container\">\n\t\t\t\t\t<h2 class=\"elementor-heading-title elementor-size-default\">\u00dcber Skaylink<\/h2>\t\t\t\t<\/div>\n\t\t\t\t<\/div>\n\t\t\t\t<div class=\"elementor-element elementor-element-afad11d elementor-widget elementor-widget-text-editor\" data-id=\"afad11d\" data-element_type=\"widget\" data-e-type=\"widget\" data-widget_type=\"text-editor.default\">\n\t\t\t\t<div class=\"elementor-widget-container\">\n\t\t\t\t\t\t\t\t\t<p>Die Skaylink GmbH ist der f\u00fchrende Dienstleister f\u00fcr die Themen Cloud und Digital Transformation. Ihr globales Team von \u00fcber 500 Cloud-Enthusiast*innen schafft einzigartige Cloud-L\u00f6sungen, mit denen Unternehmen und die Menschen, die sie ausmachen, ihr volles Potenzial entfalten k\u00f6nnen. Mit einem Mix aus selbst entwickelten Tools und Methoden begleitet Skaylink die gesamte Cloud Journey ihrer Kunden. Die Skaylink-DNA beruht auf den Cloud-Pionieren Beck et al., binary, direkt gruppe und infoWAN. J\u00fcngst erfolgten weitere Zuk\u00e4ufe, darunter der Leipziger AWS-Spezialist root360, der d\u00e4nische Azure-Spezialist cVation und der litauische Cloudpionier BTT Cloud.\u00a0Mehr \u00fcber Skaylink unter\u00a0<a href=\"https:\/\/www.skaylink.com\/de\/\">skaylink.com<\/a>.<\/p>\t\t\t\t\t\t\t\t<\/div>\n\t\t\t\t<\/div>\n\t\t\t\t<\/div>\n\t\t\t\t\t<\/div>\n\t\t\t\t<\/div>\n\t\t\t\t<\/div>\n\t\t","protected":false},"excerpt":{"rendered":"<p>Frank Strecker wird Skaylink zu einem der f\u00fchrenden Cloud Managed Service Provider in DACH und Europa entwickeln.<\/p>\n","protected":false},"author":14,"featured_media":43931,"comment_status":"closed","ping_status":"closed","sticky":false,"template":"","format":"standard","meta":{"_acf_changed":false,"footnotes":""},"categories":[117],"tags":[76],"class_list":["post-43909","post","type-post","status-publish","format-standard","has-post-thumbnail","hentry","category-presse","tag-firmen-news"],"acf":[],"_links":{"self":[{"href":"https:\/\/www.skaylink.com\/de\/wp-json\/wp\/v2\/posts\/43909","targetHints":{"allow":["GET"]}}],"collection":[{"href":"https:\/\/www.skaylink.com\/de\/wp-json\/wp\/v2\/posts"}],"about":[{"href":"https:\/\/www.skaylink.com\/de\/wp-json\/wp\/v2\/types\/post"}],"author":[{"embeddable":true,"href":"https:\/\/www.skaylink.com\/de\/wp-json\/wp\/v2\/users\/14"}],"replies":[{"embeddable":true,"href":"https:\/\/www.skaylink.com\/de\/wp-json\/wp\/v2\/comments?post=43909"}],"version-history":[{"count":25,"href":"https:\/\/www.skaylink.com\/de\/wp-json\/wp\/v2\/posts\/43909\/revisions"}],"predecessor-version":[{"id":73112,"href":"https:\/\/www.skaylink.com\/de\/wp-json\/wp\/v2\/posts\/43909\/revisions\/73112"}],"wp:featuredmedia":[{"embeddable":true,"href":"https:\/\/www.skaylink.com\/de\/wp-json\/wp\/v2\/media\/43931"}],"wp:attachment":[{"href":"https:\/\/www.skaylink.com\/de\/wp-json\/wp\/v2\/media?parent=43909"}],"wp:term":[{"taxonomy":"category","embeddable":true,"href":"https:\/\/www.skaylink.com\/de\/wp-json\/wp\/v2\/categories?post=43909"},{"taxonomy":"post_tag","embeddable":true,"href":"https:\/\/www.skaylink.com\/de\/wp-json\/wp\/v2\/tags?post=43909"}],"curies":[{"name":"wp","href":"https:\/\/api.w.org\/{rel}","templated":true}]}}